{"id":2779,"date":"2024-08-19T11:44:47","date_gmt":"2024-08-19T09:44:47","guid":{"rendered":"https:\/\/ilsalottinoboutique.it\/paella-evening\/"},"modified":"2025-03-25T16:35:11","modified_gmt":"2025-03-25T15:35:11","slug":"paella-evening","status":"publish","type":"post","link":"https:\/\/ilsalottinoboutique.it\/cs\/paella-evening\/","title":{"rendered":"PAELLA EVENING"},"content":{"rendered":"\n<p class=\"has-text-align-left has-large-font-size\">Ve\u010der v\u011bnovan\u00fd paelle alla Valenciana<\/p>\n\n<ul class=\"wp-block-list\">\n<li>start\u00e9r<\/li>\n\n\n\n<li>paella<\/li>\n\n\n\n<li>o\u0161et\u0159en\u00ed<\/li>\n\n\n\n<li>voda k\u00e1va v cen\u011b<\/li>\n<\/ul>\n\n<p class=\"has-medium-font-size\"><strong>35 \u20ac\/kad<\/strong><\/p>\n\n<figure class=\"wp-block-image size-full\"><img loading=\"lazy\" decoding=\"async\" width=\"853\" height=\"678\" src=\"https:\/\/ilsalottinoboutique.it\/wp-content\/uploads\/2024\/08\/alfons-mucha.jpg\" alt=\"\" class=\"wp-image-2770\" srcset=\"https:\/\/ilsalottinoboutique.it\/wp-content\/uploads\/2024\/08\/alfons-mucha.jpg 853w, https:\/\/ilsalottinoboutique.it\/wp-content\/uploads\/2024\/08\/alfons-mucha-300x238.jpg 300w, https:\/\/ilsalottinoboutique.it\/wp-content\/uploads\/2024\/08\/alfons-mucha-768x610.jpg 768w\" sizes=\"auto, (max-width: 853px) 100vw, 853px\" \/><\/figure>\n","protected":false},"excerpt":{"rendered":"<p>Ve\u010der v\u011bnovan\u00fd paelle alla Valenciana 35 \u20ac\/kad<\/p>\n","protected":false},"author":1,"featured_media":0,"comment_status":"open","ping_status":"open","sticky":false,"template":"","format":"standard","meta":{"footnotes":""},"categories":[1],"tags":[],"class_list":["post-2779","post","type-post","status-publish","format-standard","hentry","category-non-categorizzato"],"acf":[],"_links":{"self":[{"href":"https:\/\/ilsalottinoboutique.it\/cs\/wp-json\/wp\/v2\/posts\/2779","targetHints":{"allow":["GET"]}}],"collection":[{"href":"https:\/\/ilsalottinoboutique.it\/cs\/wp-json\/wp\/v2\/posts"}],"about":[{"href":"https:\/\/ilsalottinoboutique.it\/cs\/wp-json\/wp\/v2\/types\/post"}],"author":[{"embeddable":true,"href":"https:\/\/ilsalottinoboutique.it\/cs\/wp-json\/wp\/v2\/users\/1"}],"replies":[{"embeddable":true,"href":"https:\/\/ilsalottinoboutique.it\/cs\/wp-json\/wp\/v2\/comments?post=2779"}],"version-history":[{"count":2,"href":"https:\/\/ilsalottinoboutique.it\/cs\/wp-json\/wp\/v2\/posts\/2779\/revisions"}],"predecessor-version":[{"id":2782,"href":"https:\/\/ilsalottinoboutique.it\/cs\/wp-json\/wp\/v2\/posts\/2779\/revisions\/2782"}],"wp:attachment":[{"href":"https:\/\/ilsalottinoboutique.it\/cs\/wp-json\/wp\/v2\/media?parent=2779"}],"wp:term":[{"taxonomy":"category","embeddable":true,"href":"https:\/\/ilsalottinoboutique.it\/cs\/wp-json\/wp\/v2\/categories?post=2779"},{"taxonomy":"post_tag","embeddable":true,"href":"https:\/\/ilsalottinoboutique.it\/cs\/wp-json\/wp\/v2\/tags?post=2779"}],"curies":[{"name":"wp","href":"https:\/\/api.w.org\/{rel}","templated":true}]}}